{"id":83,"date":"2026-05-15T10:55:12","date_gmt":"2026-05-15T10:55:12","guid":{"rendered":"https:\/\/0034reformas.com\/?p=83"},"modified":"2026-08-19T14:28:46","modified_gmt":"2026-08-19T14:28:46","slug":"estilos-de-reforma-actuales-y-tendencias-que-marcaran-los-proximos-5-anos","status":"publish","type":"post","link":"https:\/\/0034reformas.com\/index.php\/2026\/05\/15\/estilos-de-reforma-actuales-y-tendencias-que-marcaran-los-proximos-5-anos\/","title":{"rendered":"Estilos de reforma actuales y tendencias que marcar\u00e1n los pr\u00f3ximos 5 a\u00f1os"},"content":{"rendered":"\n<div class=\"wp-block-uagb-image uagb-block-6b3addcb wp-block-uagb-image--layout-default wp-block-uagb-image--effect-static wp-block-uagb-image--align-none\"><figure class=\"wp-block-uagb-image__figure\"><img decoding=\"async\" src=\"https:\/\/0034reformas.com\/wp-content\/uploads\/2026\/05\/interior-space-decorated-boho-style-1-1024x683.jpg\" alt=\"\" class=\"uag-image-91\" width=\"5376\" height=\"3584\" title=\"interior-space-decorated-boho-style\" loading=\"lazy\" role=\"img\" \/><\/figure><\/div>\n\n\n\n<p class=\"wp-block-paragraph\"><\/p>\n\n\n\n<p class=\"wp-block-paragraph\" style=\"font-size:21px\">El mundo del dise\u00f1o de interiores y las reformas evoluciona a un ritmo acelerado. Lo que hoy es tendencia, ma\u00f1ana puede quedar obsoleto. Sin embargo, existen estilos atemporales y tendencias emergentes que est\u00e1n definiendo c\u00f3mo viviremos en nuestros hogares durante la pr\u00f3xima d\u00e9cada.<\/p>\n\n\n\n<p class=\"wp-block-paragraph\" style=\"font-size:21px\">En <strong>Cero Cero 34 Reformas<\/strong>, analizamos constantemente el mercado para ofrecer a nuestros clientes en Madrid las soluciones m\u00e1s innovadoras y funcionales. En este art\u00edculo, exploramos los <strong>estilos de reforma m\u00e1s demandados en la actualidad<\/strong> y proyectamos las <strong>tendencias que dominar\u00e1n el sector hasta 2030<\/strong>.<\/p>\n\n\n\n<h2 class=\"wp-block-heading\">Los estilos de reforma m\u00e1s populares en la actualidad<\/h2>\n\n\n\n<h3 class=\"wp-block-heading\">1. Estilo Minimalista: menos es m\u00e1s (y siempre funciona)<\/h3>\n\n\n\n<p class=\"wp-block-paragraph\" style=\"font-size:21px\">El minimalismo sigue siendo el rey de las reformas contempor\u00e1neas. Caracterizado por l\u00edneas limpias, paletas de colores neutros y la eliminaci\u00f3n de lo superfluo, este estilo prioriza la funcionalidad sobre la decoraci\u00f3n.<\/p>\n\n\n\n<p class=\"wp-block-paragraph\" style=\"font-size:21px\"><strong>Caracter\u00edsticas clave:<\/strong><\/p>\n\n\n\n<ul class=\"wp-block-list\">\n<li style=\"font-size:21px\">Paletas monocrom\u00e1ticas: blancos, grises, negros y tonos tierra<\/li>\n\n\n\n<li style=\"font-size:21px\">Mobiliario de dise\u00f1o con formas geom\u00e9tricas simples<\/li>\n\n\n\n<li style=\"font-size:21px\">Almacenamiento integrado y oculto para mantener el orden visual<\/li>\n\n\n\n<li style=\"font-size:21px\">Iluminaci\u00f3n natural potenciada con grandes ventanales<\/li>\n<\/ul>\n\n\n\n<p class=\"wp-block-paragraph\" style=\"font-size:21px\"><strong>Ideal para:<\/strong> Personas que buscan tranquilidad visual, espacios f\u00e1ciles de mantener y una est\u00e9tica atemporal que no pasa de moda.<\/p>\n\n\n\n<h3 class=\"wp-block-heading\">2. Estilo Industrial: car\u00e1cter urbano con alma<\/h3>\n\n\n\n<p class=\"wp-block-paragraph\" style=\"font-size:21px\">Inspirado en los lofts neoyorquinos y las f\u00e1bricas rehabilitadas, el estilo industrial aporta personalidad y autenticidad a cualquier espacio.<\/p>\n\n\n\n<p class=\"wp-block-paragraph\" style=\"font-size:21px\"><strong>Elementos distintivos:<\/strong><\/p>\n\n\n\n<ul class=\"wp-block-list\">\n<li style=\"font-size:21px\">Materiales \u00abcrudos\u00bb: ladrillo visto, hormig\u00f3n, metal negro y madera recuperada<\/li>\n\n\n\n<li style=\"font-size:21px\">Instalaciones a la vista: tuber\u00edas, vigas y conductos como elementos decorativos<\/li>\n\n\n\n<li style=\"font-size:21px\">Iluminaci\u00f3n con l\u00e1mparas de estilo factory o Edison<\/li>\n\n\n\n<li style=\"font-size:21px\">Espacios abiertos con zonas definidas por mobiliario, no por paredes<\/li>\n<\/ul>\n\n\n\n<p class=\"wp-block-paragraph\" style=\"font-size:21px\"><strong>Ideal para:<\/strong> Lofts, \u00e1ticos y personas que valoran la autenticidad, la historia de los materiales y un look con car\u00e1cter.<\/p>\n\n\n\n<h3 class=\"wp-block-heading\">3. Estilo N\u00f3rdico (Scandi): calidez funcional<\/h3>\n\n\n\n<p class=\"wp-block-paragraph\" style=\"font-size:21px\">El dise\u00f1o n\u00f3rdico combina la simplicidad minimalista con la calidez de los materiales naturales, creando espacios acogedores sin sacrificar la funcionalidad.<\/p>\n\n\n\n<p class=\"wp-block-paragraph\" style=\"font-size:21px\"><strong>Pilares del estilo:<\/strong><\/p>\n\n\n\n<ul class=\"wp-block-list\">\n<li style=\"font-size:21px\">Maderas claras: roble, haya y pino como protagonistas<\/li>\n\n\n\n<li style=\"font-size:21px\">Textiles naturales: lana, lino y algod\u00f3n en tonos suaves<\/li>\n\n\n\n<li style=\"font-size:21px\">Iluminaci\u00f3n en capas: luz general, ambiental y de tarea bien planificada<\/li>\n\n\n\n<li style=\"font-size:21px\">Toques de color sutiles: verdes salvia, azules polvo o rosas empolvados<\/li>\n<\/ul>\n\n\n\n<p class=\"wp-block-paragraph\" style=\"font-size:21px\"><strong>Ideal para:<\/strong> Climas fr\u00edos, familias que buscan confort y quienes valoran el concepto hygge (bienestar cotidiano).<\/p>\n\n\n\n<h3 class=\"wp-block-heading\">4. Estilo Mediterr\u00e1neo Actualizado: luz y tradici\u00f3n<\/h3>\n\n\n\n<p class=\"wp-block-paragraph\" style=\"font-size:21px\">Reinterpretado para el siglo XXI, el estilo mediterr\u00e1neo mantiene su esencia luminosa pero incorpora toques contempor\u00e1neos.<\/p>\n\n\n\n<p class=\"wp-block-paragraph\" style=\"font-size:21px\"><strong>Evoluci\u00f3n moderna:<\/strong><\/p>\n\n\n\n<ul class=\"wp-block-list\">\n<li style=\"font-size:21px\">Paredes blancas o en tonos arena que potencian la luz natural<\/li>\n\n\n\n<li style=\"font-size:21px\">Suelos de terrazo o porcel\u00e1nico efecto cemento<\/li>\n\n\n\n<li style=\"font-size:21px\">Mobiliario de l\u00edneas rectas combinado con piezas artesanales<\/li>\n\n\n\n<li style=\"font-size:21px\">Vegetaci\u00f3n interior: olivos, lavanda y hierbas arom\u00e1ticas en macetas de barro<\/li>\n<\/ul>\n\n\n\n<p class=\"wp-block-paragraph\" style=\"font-size:21px\"><strong>Ideal para:<\/strong> Viviendas en zonas soleadas, personas que buscan conectar con el exterior y amantes de la vida al aire libre.<\/p>\n\n\n\n<h3 class=\"wp-block-heading\">5. Estilo Neocl\u00e1sico Moderno: elegancia sin recargar<\/h3>\n\n\n\n<p class=\"wp-block-paragraph\" style=\"font-size:21px\">La fusi\u00f3n perfecta entre la sofisticaci\u00f3n cl\u00e1sica y la practicidad contempor\u00e1nea. Un estilo que aporta distinci\u00f3n sin caer en lo recargado.<\/p>\n\n\n\n<p class=\"wp-block-paragraph\" style=\"font-size:21px\"><strong>Claves del equilibrio:<\/strong><\/p>\n\n\n\n<ul class=\"wp-block-list\">\n<li style=\"font-size:21px\">Molduras y z\u00f3calos simplificados, pintados en el mismo tono que la pared<\/li>\n\n\n\n<li style=\"font-size:21px\">Suelos de parquet en espiga o madera noble<\/li>\n\n\n\n<li style=\"font-size:21px\">Mobiliario con siluetas cl\u00e1sicas pero tapizados en telas modernas<\/li>\n\n\n\n<li style=\"font-size:21px\">Toques de color en accesorios: dorados mate, verdes profundos o azules noche<\/li>\n<\/ul>\n\n\n\n<p class=\"wp-block-paragraph\" style=\"font-size:21px\"><strong>Ideal para:<\/strong> Viviendas con arquitectura tradicional, personas que valoran la elegancia atemporal y la calidad de los acabados.<\/p>\n\n\n\n<h2 class=\"wp-block-heading\">Tendencias que marcar\u00e1n las reformas hasta 2030<\/h2>\n\n\n\n<h3 class=\"wp-block-heading\">1. Sostenibilidad integral: m\u00e1s all\u00e1 de los materiales<\/h3>\n\n\n\n<p class=\"wp-block-paragraph\" style=\"font-size:21px\">La conciencia ecol\u00f3gica dejar\u00e1 de ser una opci\u00f3n para convertirse en un requisito. Las reformas sostenibles del futuro incluir\u00e1n:<\/p>\n\n\n\n<ul class=\"wp-block-list\">\n<li style=\"font-size:21px\"><strong>Materiales de bajo impacto<\/strong>: bamb\u00fa, corcho, pinturas minerales y aislantes naturales (lana de oveja, c\u00e1\u00f1amo)<\/li>\n\n\n\n<li style=\"font-size:21px\"><strong>Econom\u00eda circular<\/strong>: reutilizaci\u00f3n de elementos existentes y elecci\u00f3n de muebles de segunda vida<\/li>\n\n\n\n<li style=\"font-size:21px\"><strong>Eficiencia energ\u00e9tica extrema<\/strong>: integraci\u00f3n de aerotermia, paneles solares y sistemas de recuperaci\u00f3n de calor<\/li>\n\n\n\n<li style=\"font-size:21px\"><strong>Huella h\u00eddrica<\/strong>: grifer\u00eda de bajo consumo, sistemas de reutilizaci\u00f3n de aguas grises<\/li>\n<\/ul>\n\n\n\n<p class=\"wp-block-paragraph\" style=\"font-size:21px\"><strong>Impacto esperado:<\/strong> Reducci\u00f3n del 40-60% en el consumo energ\u00e9tico de las viviendas reformadas.<\/p>\n\n\n\n<h3 class=\"wp-block-heading\">2. Dom\u00f3tica accesible e inteligencia artificial<\/h3>\n\n\n\n<p class=\"wp-block-paragraph\" style=\"font-size:21px\">La tecnolog\u00eda dejar\u00e1 de ser un lujo para integrarse de forma invisible y \u00fatil en el d\u00eda a d\u00eda:<\/p>\n\n\n\n<ul class=\"wp-block-list\">\n<li style=\"font-size:21px\"><strong>Asistentes de voz integrados<\/strong>: control por voz de iluminaci\u00f3n, climatizaci\u00f3n y seguridad<\/li>\n\n\n\n<li style=\"font-size:21px\"><strong>Gesti\u00f3n energ\u00e9tica inteligente<\/strong>: sistemas que aprenden de tus h\u00e1bitos y optimizan el consumo autom\u00e1ticamente<\/li>\n\n\n\n<li style=\"font-size:21px\"><strong>Mantenimiento predictivo<\/strong>: sensores que detectan fugas, fallos el\u00e9ctricos o necesidades de mantenimiento antes de que ocurran<\/li>\n\n\n\n<li style=\"font-size:21px\"><strong>Personalizaci\u00f3n ambiental<\/strong>: escenarios de iluminaci\u00f3n y temperatura que se adaptan a tu estado de \u00e1nimo o actividad<\/li>\n<\/ul>\n\n\n\n<p class=\"wp-block-paragraph\" style=\"font-size:21px\"><strong>Clave de \u00e9xito:<\/strong> La tecnolog\u00eda debe ser intuitiva, fiable y mejorar la calidad de vida sin complicarla.<\/p>\n\n\n\n<h3 class=\"wp-block-heading\">3. Espacios flexibles y multifuncionales<\/h3>\n\n\n\n<p class=\"wp-block-paragraph\" style=\"font-size:21px\">La pandemia aceler\u00f3 una tendencia que lleg\u00f3 para quedarse: la necesidad de que nuestros hogares se adapten a m\u00faltiples usos.<\/p>\n\n\n\n<p class=\"wp-block-paragraph\" style=\"font-size:21px\"><strong>Soluciones emergentes:<\/strong><\/p>\n\n\n\n<ul class=\"wp-block-list\">\n<li style=\"font-size:21px\"><strong>Paredes m\u00f3viles y muebles transformables<\/strong>: estanter\u00edas que se convierten en escritorios, camas que se ocultan, divisiones ligeras<\/li>\n\n\n\n<li style=\"font-size:21px\"><strong>Zonas \u00abh\u00edbridas\u00bb<\/strong>: espacios que funcionan como oficina de d\u00eda y sala de estar de noche<\/li>\n\n\n\n<li style=\"font-size:21px\"><strong>Almacenamiento inteligente<\/strong>: soluciones modulares que se adaptan a las necesidades cambiantes<\/li>\n\n\n\n<li style=\"font-size:21px\"><strong>Conectividad total<\/strong>: puntos de carga, iluminaci\u00f3n adaptable y ac\u00fastica estudiada para cada uso<\/li>\n<\/ul>\n\n\n\n<p class=\"wp-block-paragraph\" style=\"font-size:21px\"><strong>Beneficio principal:<\/strong> Maximizar la funcionalidad de cada metro cuadrado, especialmente en viviendas urbanas de tama\u00f1o reducido.<\/p>\n\n\n\n<h3 class=\"wp-block-heading\">4. Bienestar integral: dise\u00f1o que cuida de ti<\/h3>\n\n\n\n<p class=\"wp-block-paragraph\" style=\"font-size:21px\">El concepto de \u00abhogar saludable\u00bb evolucionar\u00e1 m\u00e1s all\u00e1 de la calidad del aire para abarcar el bienestar f\u00edsico, mental y emocional.<\/p>\n\n\n\n<p class=\"wp-block-paragraph\" style=\"font-size:21px\"><strong>Elementos clave:<\/strong><\/p>\n\n\n\n<ul class=\"wp-block-list\">\n<li style=\"font-size:21px\"><strong>Iluminaci\u00f3n circadiana<\/strong>: sistemas que imitan la luz natural a lo largo del d\u00eda para regular el ritmo circadiano<\/li>\n\n\n\n<li style=\"font-size:21px\"><strong>Ac\u00fastica consciente<\/strong>: materiales fonoabsorbentes integrados en el dise\u00f1o para reducir el estr\u00e9s sonoro<\/li>\n\n\n\n<li style=\"font-size:21px\"><strong>Biofilia avanzada<\/strong>: integraci\u00f3n de vegetaci\u00f3n no solo decorativa, sino con beneficios probados (purificaci\u00f3n del aire, reducci\u00f3n del estr\u00e9s)<\/li>\n\n\n\n<li style=\"font-size:21px\"><strong>Materiales saludables<\/strong>: pinturas sin COV, suelos antial\u00e9rgicos y mobiliario ergon\u00f3mico<\/li>\n<\/ul>\n\n\n\n<p class=\"wp-block-paragraph\" style=\"font-size:21px\"><strong>Resultado esperado:<\/strong> Espacios que no solo se ven bien, sino que contribuyen activamente a la salud y el bienestar de sus ocupantes.<\/p>\n\n\n\n<h3 class=\"wp-block-heading\">5. Personalizaci\u00f3n masiva y artesan\u00eda digital<\/h3>\n\n\n\n<p class=\"wp-block-paragraph\" style=\"font-size:21px\">La tecnolog\u00eda permitir\u00e1 combinar la eficiencia de la producci\u00f3n industrial con la singularidad del dise\u00f1o personalizado.<\/p>\n\n\n\n<p class=\"wp-block-paragraph\" style=\"font-size:21px\"><strong>Tendencias emergentes:<\/strong><\/p>\n\n\n\n<ul class=\"wp-block-list\">\n<li style=\"font-size:21px\"><strong>Impresi\u00f3n 3D de elementos decorativos<\/strong>: desde tiradores hasta paneles de pared \u00fanicos<\/li>\n\n\n\n<li style=\"font-size:21px\"><strong>Realidad aumentada en el proceso de reforma<\/strong>: visualizaci\u00f3n en tiempo real de propuestas antes de ejecutarlas<\/li>\n\n\n\n<li style=\"font-size:21px\"><strong>Colaboraci\u00f3n artesano-dise\u00f1ador<\/strong>: piezas \u00fanicas creadas con t\u00e9cnicas tradicionales pero dise\u00f1adas con herramientas digitales<\/li>\n\n\n\n<li style=\"font-size:21px\"><strong>Configuradores online<\/strong>: herramientas que permiten al cliente personalizar acabados, distribuciones y materiales en tiempo real<\/li>\n<\/ul>\n\n\n\n<p class=\"wp-block-paragraph\" style=\"font-size:21px\"><strong>Ventaja competitiva:<\/strong> Reformas que reflejan fielmente la personalidad del cliente sin sacrificar plazos ni presupuestos.<\/p>\n\n\n\n<h2 class=\"wp-block-heading\">C\u00f3mo elegir el estilo y las tendencias adecuadas para tu reforma<\/h2>\n\n\n\n<p class=\"wp-block-paragraph\" style=\"font-size:21px\">Ante tanta variedad, \u00bfc\u00f3mo tomar la decisi\u00f3n correcta? Sigue estos pasos:<\/p>\n\n\n\n<ol start=\"1\" class=\"wp-block-list\">\n<li style=\"font-size:21px\"><strong>Analiza tu estilo de vida<\/strong>: \u00bfTrabajas desde casa? \u00bfRecibes visitas frecuentemente? \u00bfNecesitas espacios de tranquilidad? Tu reforma debe adaptarse a c\u00f3mo vives, no al rev\u00e9s.<\/li>\n\n\n\n<li style=\"font-size:21px\"><strong>Considera la arquitectura existente<\/strong>: Algunos estilos funcionan mejor con ciertas tipolog\u00edas de vivienda. Un estilo industrial puede potenciar un loft, mientras que el n\u00f3rdico puede suavizar espacios oscuros.<\/li>\n\n\n\n<li style=\"font-size:21px\"><strong>Piensa a largo plazo<\/strong>: Las tendencias pasan, pero una buena reforma dura d\u00e9cadas. Combina elementos de moda con bases atemporales.<\/li>\n\n\n\n<li style=\"font-size:21px\"><strong>Establece prioridades realistas<\/strong>: No es necesario incorporar todas las tendencias. Elige 2-3 que realmente aporten valor a tu d\u00eda a d\u00eda.<\/li>\n\n\n\n<li style=\"font-size:21px\"><strong>Consulta con profesionales<\/strong>: Un buen equipo de reforma puede ayudarte a traducir tus deseos en un proyecto viable, funcional y dentro de presupuesto.<\/li>\n<\/ol>\n\n\n\n<h2 class=\"wp-block-heading\">Conclusi\u00f3n: Tu hogar, tu estilo, tu futuro<\/h2>\n\n\n\n<p class=\"wp-block-paragraph\" style=\"font-size:21px\">Los estilos de reforma actuales ofrecen un abanico extraordinario de posibilidades, desde la serenidad minimalista hasta el car\u00e1cter industrial. Y mirando hacia el futuro, las tendencias apuntan a hogares m\u00e1s sostenibles, inteligentes, flexibles y saludables.<\/p>\n\n\n\n<p class=\"wp-block-paragraph\" style=\"font-size:21px\">En <strong>Cero Cero 34 Reformas<\/strong>, no seguimos modas ciegamente. Analizamos cada tendencia con criterio, seleccionamos las que realmente aportan valor a nuestros clientes y las integramos en proyectos personalizados que combinan est\u00e9tica, funcionalidad y durabilidad.<\/p>\n\n\n\n<p class=\"wp-block-paragraph\" style=\"font-size:21px\">Si est\u00e1s pensando en reformar tu vivienda en Madrid y quieres crear un espacio que refleje tu personalidad mientras anticipa el futuro, <a href=\"https:\/\/wa.me\/34675900967?text=Hola%2C%20me%20interesa%20asesoramiento%20sobre%20estilos%20de%20reforma\" target=\"_blank\" rel=\"noreferrer noopener\">contacta con nosotros<\/a> para una consulta personalizada sin compromiso. Porque reformar bien es crear un hogar que te acompa\u00f1e hoy y ma\u00f1ana.<\/p>\n\n\n\n<p class=\"wp-block-paragraph\"><\/p>\n","protected":false},"excerpt":{"rendered":"<p>El mundo del dise\u00f1o de interiores y las reformas evoluciona a un ritmo acelerado. Lo que hoy es tendencia, ma\u00f1ana [&hellip;]<\/p>\n","protected":false},"author":1,"featured_media":84,"comment_status":"open","ping_status":"closed","sticky":false,"template":"","format":"standard","meta":{"_uag_custom_page_level_css":"","site-sidebar-layout":"default","site-content-layout":"","ast-site-content-layout":"default","site-content-style":"default","site-sidebar-style":"default","ast-global-header-display":"","ast-banner-title-visibility":"","ast-main-header-display":"","ast-hfb-above-header-display":"","ast-hfb-below-header-display":"","ast-hfb-mobile-header-display":"","site-post-title":"","ast-breadcrumbs-content":"","ast-featured-img":"disabled","footer-sml-layout":"","ast-disable-related-posts":"","theme-transparent-header-meta":"","adv-header-id-meta":"","stick-header-meta":"","header-above-stick-meta":"","header-main-stick-meta":"","header-below-stick-meta":"","astra-migrate-meta-layouts":"default","ast-page-background-enabled":"default","ast-page-background-meta":{"desktop":{"background-color":"var(--ast-global-color-5)","background-image":"","background-repeat":"repeat","background-position":"center center","background-size":"auto","background-attachment":"scroll","background-type":"","background-media":"","overlay-type":"","overlay-color":"","overlay-opacity":"","overlay-gradient":""},"tablet":{"background-color":"","background-image":"","background-repeat":"repeat","background-position":"center center","background-size":"auto","background-attachment":"scroll","background-type":"","background-media":"","overlay-type":"","overlay-color":"","overlay-opacity":"","overlay-gradient":""},"mobile":{"background-color":"","background-image":"","background-repeat":"repeat","background-position":"center center","background-size":"auto","background-attachment":"scroll","background-type":"","background-media":"","overlay-type":"","overlay-color":"","overlay-opacity":"","overlay-gradient":""}},"ast-content-background-meta":{"desktop":{"background-color":"var(--ast-global-color-4)","background-image":"","background-repeat":"repeat","background-position":"center center","background-size":"auto","background-attachment":"scroll","background-type":"","background-media":"","overlay-type":"","overlay-color":"","overlay-opacity":"","overlay-gradient":""},"tablet":{"background-color":"var(--ast-global-color-4)","background-image":"","background-repeat":"repeat","background-position":"center center","background-size":"auto","background-attachment":"scroll","background-type":"","background-media":"","overlay-type":"","overlay-color":"","overlay-opacity":"","overlay-gradient":""},"mobile":{"background-color":"var(--ast-global-color-4)","background-image":"","background-repeat":"repeat","background-position":"center center","background-size":"auto","background-attachment":"scroll","background-type":"","background-media":"","overlay-type":"","overlay-color":"","overlay-opacity":"","overlay-gradient":""}},"footnotes":""},"categories":[27],"tags":[14,24,16,19,23],"class_list":["post-83","post","type-post","status-publish","format-standard","has-post-thumbnail","hentry","category-estilos-y-tendencias","tag-domotica","tag-pequenasreformas","tag-reformasengeneral","tag-reformasenmadrid","tag-reformastendencias"],"uagb_featured_image_src":{"full":["https:\/\/0034reformas.com\/wp-content\/uploads\/2026\/05\/interior-space-decorated-boho-style-scaled.jpg",2560,1707,false],"thumbnail":["https:\/\/0034reformas.com\/wp-content\/uploads\/2026\/05\/interior-space-decorated-boho-style-150x150.jpg",150,150,true],"medium":["https:\/\/0034reformas.com\/wp-content\/uploads\/2026\/05\/interior-space-decorated-boho-style-300x200.jpg",300,200,true],"medium_large":["https:\/\/0034reformas.com\/wp-content\/uploads\/2026\/05\/interior-space-decorated-boho-style-768x512.jpg",768,512,true],"large":["https:\/\/0034reformas.com\/wp-content\/uploads\/2026\/05\/interior-space-decorated-boho-style-1024x683.jpg",1024,683,true],"1536x1536":["https:\/\/0034reformas.com\/wp-content\/uploads\/2026\/05\/interior-space-decorated-boho-style-1536x1024.jpg",1536,1024,true],"2048x2048":["https:\/\/0034reformas.com\/wp-content\/uploads\/2026\/05\/interior-space-decorated-boho-style-2048x1365.jpg",2048,1365,true]},"uagb_author_info":{"display_name":"admin","author_link":"https:\/\/0034reformas.com\/index.php\/author\/engagementccm_kguht0uj\/"},"uagb_comment_info":0,"uagb_excerpt":"El mundo del dise\u00f1o de interiores y las reformas evoluciona a un ritmo acelerado. Lo que hoy es tendencia, ma\u00f1ana [&hellip;]","_links":{"self":[{"href":"https:\/\/0034reformas.com\/index.php\/wp-json\/wp\/v2\/posts\/83","targetHints":{"allow":["GET"]}}],"collection":[{"href":"https:\/\/0034reformas.com\/index.php\/wp-json\/wp\/v2\/posts"}],"about":[{"href":"https:\/\/0034reformas.com\/index.php\/wp-json\/wp\/v2\/types\/post"}],"author":[{"embeddable":true,"href":"https:\/\/0034reformas.com\/index.php\/wp-json\/wp\/v2\/users\/1"}],"replies":[{"embeddable":true,"href":"https:\/\/0034reformas.com\/index.php\/wp-json\/wp\/v2\/comments?post=83"}],"version-history":[{"count":3,"href":"https:\/\/0034reformas.com\/index.php\/wp-json\/wp\/v2\/posts\/83\/revisions"}],"predecessor-version":[{"id":92,"href":"https:\/\/0034reformas.com\/index.php\/wp-json\/wp\/v2\/posts\/83\/revisions\/92"}],"wp:featuredmedia":[{"embeddable":true,"href":"https:\/\/0034reformas.com\/index.php\/wp-json\/wp\/v2\/media\/84"}],"wp:attachment":[{"href":"https:\/\/0034reformas.com\/index.php\/wp-json\/wp\/v2\/media?parent=83"}],"wp:term":[{"taxonomy":"category","embeddable":true,"href":"https:\/\/0034reformas.com\/index.php\/wp-json\/wp\/v2\/categories?post=83"},{"taxonomy":"post_tag","embeddable":true,"href":"https:\/\/0034reformas.com\/index.php\/wp-json\/wp\/v2\/tags?post=83"}],"curies":[{"name":"wp","href":"https:\/\/api.w.org\/{rel}","templated":true}]}}